{"id":1445,"date":"2021-11-19T13:42:00","date_gmt":"2021-11-19T13:42:00","guid":{"rendered":"https:\/\/portafolio.purpurasolutions.com\/transparencia\/?p=1445"},"modified":"2021-11-26T21:47:46","modified_gmt":"2021-11-26T21:47:46","slug":"emilio-lara-visita-las-instalaciones-del-dif-hopelchen","status":"publish","type":"post","link":"https:\/\/portafolio.purpurasolutions.com\/transparencia\/noticias\/emilio-lara-visita-las-instalaciones-del-dif-hopelchen\/","title":{"rendered":"Orgullo y talento se conjuntan en \u201cEs Mero Local\u201d"},"content":{"rendered":"\t\t<div data-elementor-type=\"wp-post\" data-elementor-id=\"1445\" class=\"elementor elementor-1445\">\n\t\t\t\t\t\t<section class=\"elementor-section elementor-top-section elementor-element elementor-element-1862c64 elementor-section-boxed elementor-section-height-default elementor-section-height-default\" data-id=\"1862c64\" data-element_type=\"section\">\n\t\t\t\t\t\t<div class=\"elementor-container elementor-column-gap-default\">\n\t\t\t\t\t<div class=\"elementor-column elementor-col-100 elementor-top-column elementor-element elementor-element-66d2ed3\" data-id=\"66d2ed3\" data-element_type=\"column\">\n\t\t\t<div class=\"elementor-widget-wrap elementor-element-populated\">\n\t\t\t\t\t\t<div class=\"elementor-element elementor-element-0aaa896 elementor-widget elementor-widget-heading\" data-id=\"0aaa896\" data-element_type=\"widget\" data-widget_type=\"heading.default\">\n\t\t\t\t<div class=\"elementor-widget-container\">\n\t\t\t<style>\/*! elementor - v3.22.0 - 26-06-2024 *\/\n.elementor-heading-title{padding:0;margin:0;line-height:1}.elementor-widget-heading .elementor-heading-title[class*=elementor-size-]>a{color:inherit;font-size:inherit;line-height:inherit}.elementor-widget-heading .elementor-heading-title.elementor-size-small{font-size:15px}.elementor-widget-heading .elementor-heading-title.elementor-size-medium{font-size:19px}.elementor-widget-heading .elementor-heading-title.elementor-size-large{font-size:29px}.elementor-widget-heading .elementor-heading-title.elementor-size-xl{font-size:39px}.elementor-widget-heading .elementor-heading-title.elementor-size-xxl{font-size:59px}<\/style><h2 class=\"elementor-heading-title elementor-size-default\">Orgullo y talento se conjuntan en \u201cEs Mero Local\u201d\n<\/h2>\t\t<\/div>\n\t\t\t\t<\/div>\n\t\t\t\t<div class=\"elementor-element elementor-element-4c52706 elementor-widget elementor-widget-text-editor\" data-id=\"4c52706\" data-element_type=\"widget\" data-widget_type=\"text-editor.default\">\n\t\t\t\t<div class=\"elementor-widget-container\">\n\t\t\t<style>\/*! elementor - v3.22.0 - 26-06-2024 *\/\n.elementor-widget-text-editor.elementor-drop-cap-view-stacked .elementor-drop-cap{background-color:#69727d;color:#fff}.elementor-widget-text-editor.elementor-drop-cap-view-framed .elementor-drop-cap{color:#69727d;border:3px solid;background-color:transparent}.elementor-widget-text-editor:not(.elementor-drop-cap-view-default) .elementor-drop-cap{margin-top:8px}.elementor-widget-text-editor:not(.elementor-drop-cap-view-default) .elementor-drop-cap-letter{width:1em;height:1em}.elementor-widget-text-editor .elementor-drop-cap{float:left;text-align:center;line-height:1;font-size:50px}.elementor-widget-text-editor .elementor-drop-cap-letter{display:inline-block}<\/style>\t\t\t\t<p><span style=\"color: #ffffff;\">Hopelch\u00e9n, Campeche, 19 de noviembre de 2021.- A fin de promover el talento y la calidad de los productos cheneros, este viernes 19 de noviembre, el Ayuntamiento de Hopelch\u00e9n llev\u00f3 a cabo el bazar de emprendedores \u201cEs Mero Local\u201d, en donde participaron m\u00e1s de 40 negocios locales.<\/span><\/p><p><span style=\"color: #ffffff;\">El evento fue inaugurado por el alcalde Emilio Lara Calder\u00f3n, quien detall\u00f3 que el objetivo del evento es brindar espacios a los emprendedores para poder mostrar sus productos y a la vez darle la oportunidad a la ciudadan\u00eda de conocer los productos y servicios que se ofertan en el municipio, fomentando as\u00ed una econom\u00eda circular.<\/span><\/p><p><span style=\"color: #ffffff;\">Como parte de las actividades, se realiz\u00f3 el Primer Desfile de Prendas Artesanales, en la que los artesanos cheneros dieron muestra de su talento y pudieron exhibir diversas piezas bordadas, entre las que destacaron vestidos, guayaberas y blusas.<\/span><\/p>\t\t\t\t\t\t<\/div>\n\t\t\t\t<\/div>\n\t\t\t\t\t<\/div>\n\t\t<\/div>\n\t\t\t\t\t<\/div>\n\t\t<\/section>\n\t\t\t\t<\/div>\n\t\t","protected":false},"excerpt":{"rendered":"<p>Orgullo y talento se conjuntan en \u201cEs Mero Local\u201d Hopelch\u00e9n, Campeche, 19 de noviembre de 2021.- A fin de promover el talento y la calidad de los productos cheneros, este viernes 19 de noviembre, el Ayuntamiento de Hopelch\u00e9n llev\u00f3 a cabo el bazar de emprendedores \u201cEs Mero Local\u201d, en donde participaron m\u00e1s de 40 negocios [&hellip;]<\/p>\n","protected":false},"author":1,"featured_media":3060,"comment_status":"closed","ping_status":"closed","sticky":false,"template":"","format":"standard","meta":{"footnotes":""},"categories":[52],"tags":[],"amp_enabled":true,"_links":{"self":[{"href":"https:\/\/portafolio.purpurasolutions.com\/transparencia\/wp-json\/wp\/v2\/posts\/1445"}],"collection":[{"href":"https:\/\/portafolio.purpurasolutions.com\/transparencia\/wp-json\/wp\/v2\/posts"}],"about":[{"href":"https:\/\/portafolio.purpurasolutions.com\/transparencia\/wp-json\/wp\/v2\/types\/post"}],"author":[{"embeddable":true,"href":"https:\/\/portafolio.purpurasolutions.com\/transparencia\/wp-json\/wp\/v2\/users\/1"}],"replies":[{"embeddable":true,"href":"https:\/\/portafolio.purpurasolutions.com\/transparencia\/wp-json\/wp\/v2\/comments?post=1445"}],"version-history":[{"count":8,"href":"https:\/\/portafolio.purpurasolutions.com\/transparencia\/wp-json\/wp\/v2\/posts\/1445\/revisions"}],"predecessor-version":[{"id":3061,"href":"https:\/\/portafolio.purpurasolutions.com\/transparencia\/wp-json\/wp\/v2\/posts\/1445\/revisions\/3061"}],"wp:featuredmedia":[{"embeddable":true,"href":"https:\/\/portafolio.purpurasolutions.com\/transparencia\/wp-json\/wp\/v2\/media\/3060"}],"wp:attachment":[{"href":"https:\/\/portafolio.purpurasolutions.com\/transparencia\/wp-json\/wp\/v2\/media?parent=1445"}],"wp:term":[{"taxonomy":"category","embeddable":true,"href":"https:\/\/portafolio.purpurasolutions.com\/transparencia\/wp-json\/wp\/v2\/categories?post=1445"},{"taxonomy":"post_tag","embeddable":true,"href":"https:\/\/portafolio.purpurasolutions.com\/transparencia\/wp-json\/wp\/v2\/tags?post=1445"}],"curies":[{"name":"wp","href":"https:\/\/api.w.org\/{rel}","templated":true}]}}