{"id":1455,"date":"2021-11-25T13:50:00","date_gmt":"2021-11-25T13:50:00","guid":{"rendered":"https:\/\/portafolio.purpurasolutions.com\/transparencia\/?p=1455"},"modified":"2021-11-26T22:15:21","modified_gmt":"2021-11-26T22:15:21","slug":"nueva-ubicacion-de-las-oficinas-de-agua-potable","status":"publish","type":"post","link":"https:\/\/portafolio.purpurasolutions.com\/transparencia\/noticias\/nueva-ubicacion-de-las-oficinas-de-agua-potable\/","title":{"rendered":"Marchan por una vida libre de violencia para las ni\u00f1as y mujeres cheneras."},"content":{"rendered":"\t\t<div data-elementor-type=\"wp-post\" data-elementor-id=\"1455\" class=\"elementor elementor-1455\">\n\t\t\t\t\t\t<section class=\"elementor-section elementor-top-section elementor-element elementor-element-de68c75 elementor-section-boxed elementor-section-height-default elementor-section-height-default\" data-id=\"de68c75\" data-element_type=\"section\">\n\t\t\t\t\t\t<div class=\"elementor-container elementor-column-gap-default\">\n\t\t\t\t\t<div class=\"elementor-column elementor-col-100 elementor-top-column elementor-element elementor-element-33ca660\" data-id=\"33ca660\" data-element_type=\"column\">\n\t\t\t<div class=\"elementor-widget-wrap elementor-element-populated\">\n\t\t\t\t\t\t<div class=\"elementor-element elementor-element-228ae79 elementor-widget elementor-widget-heading\" data-id=\"228ae79\" data-element_type=\"widget\" data-widget_type=\"heading.default\">\n\t\t\t\t<div class=\"elementor-widget-container\">\n\t\t\t<style>\/*! elementor - v3.22.0 - 26-06-2024 *\/\n.elementor-heading-title{padding:0;margin:0;line-height:1}.elementor-widget-heading .elementor-heading-title[class*=elementor-size-]>a{color:inherit;font-size:inherit;line-height:inherit}.elementor-widget-heading .elementor-heading-title.elementor-size-small{font-size:15px}.elementor-widget-heading .elementor-heading-title.elementor-size-medium{font-size:19px}.elementor-widget-heading .elementor-heading-title.elementor-size-large{font-size:29px}.elementor-widget-heading .elementor-heading-title.elementor-size-xl{font-size:39px}.elementor-widget-heading .elementor-heading-title.elementor-size-xxl{font-size:59px}<\/style><h2 class=\"elementor-heading-title elementor-size-default\">Marchan por una vida libre de violencia para las ni\u00f1as y mujeres cheneras.<\/h2>\t\t<\/div>\n\t\t\t\t<\/div>\n\t\t\t\t\t<\/div>\n\t\t<\/div>\n\t\t\t\t\t<\/div>\n\t\t<\/section>\n\t\t\t\t<section class=\"elementor-section elementor-top-section elementor-element elementor-element-b15b832 elementor-section-boxed elementor-section-height-default elementor-section-height-default\" data-id=\"b15b832\" data-element_type=\"section\">\n\t\t\t\t\t\t<div class=\"elementor-container elementor-column-gap-default\">\n\t\t\t\t\t<div class=\"elementor-column elementor-col-100 elementor-top-column elementor-element elementor-element-06cb231\" data-id=\"06cb231\" data-element_type=\"column\">\n\t\t\t<div class=\"elementor-widget-wrap elementor-element-populated\">\n\t\t\t\t\t\t<div class=\"elementor-element elementor-element-24321bc elementor-widget elementor-widget-text-editor\" data-id=\"24321bc\" data-element_type=\"widget\" data-widget_type=\"text-editor.default\">\n\t\t\t\t<div class=\"elementor-widget-container\">\n\t\t\t<style>\/*! elementor - v3.22.0 - 26-06-2024 *\/\n.elementor-widget-text-editor.elementor-drop-cap-view-stacked .elementor-drop-cap{background-color:#69727d;color:#fff}.elementor-widget-text-editor.elementor-drop-cap-view-framed .elementor-drop-cap{color:#69727d;border:3px solid;background-color:transparent}.elementor-widget-text-editor:not(.elementor-drop-cap-view-default) .elementor-drop-cap{margin-top:8px}.elementor-widget-text-editor:not(.elementor-drop-cap-view-default) .elementor-drop-cap-letter{width:1em;height:1em}.elementor-widget-text-editor .elementor-drop-cap{float:left;text-align:center;line-height:1;font-size:50px}.elementor-widget-text-editor .elementor-drop-cap-letter{display:inline-block}<\/style>\t\t\t\t<p><span style=\"font-size: 14pt;\"><strong><span style=\"color: #ffffff;\">\u00a0<\/span><\/strong><\/span><span style=\"color: #ffffff;\">En el marco del D\u00eda Internacional de la Erradicaci\u00f3n de la Violencia contra la Mujer, el H. Ayuntamiento de Hopelch\u00e9n, en coordinaci\u00f3n con el Instituto de la Mujer Chenera, llevaron a cabo una marcha y evento cultural.<\/span><br \/><span style=\"color: #ffffff;\">La marcha, que dio inicio en la Casa de la Cultura, fue encabezada por el alcalde Emilio Lara Calder\u00f3n y cont\u00f3 con la participaci\u00f3n de la Presidenta del DIF, Roxana Calder\u00f3n de Lara, regidores y personal del Ayuntamiento, as\u00ed como de la sociedad civil.<\/span><br \/><span style=\"color: #ffffff;\">Asimismo, como parte de las acciones para conmemorar el D\u00eda Naranja la coordinadora del Instituto de la Mujer Chenera, Adriana Espa\u00f1a, acompa\u00f1ada de la presidenta del DIF, entregaron lazos al personal de las dependencias.<\/span><\/p>\t\t\t\t\t\t<\/div>\n\t\t\t\t<\/div>\n\t\t\t\t\t<\/div>\n\t\t<\/div>\n\t\t\t\t\t<\/div>\n\t\t<\/section>\n\t\t\t\t<\/div>\n\t\t","protected":false},"excerpt":{"rendered":"<p>Marchan por una vida libre de violencia para las ni\u00f1as y mujeres cheneras. \u00a0En el marco del D\u00eda Internacional de la Erradicaci\u00f3n de la Violencia contra la Mujer, el H. Ayuntamiento de Hopelch\u00e9n, en coordinaci\u00f3n con el Instituto de la Mujer Chenera, llevaron a cabo una marcha y evento cultural.La marcha, que dio inicio en [&hellip;]<\/p>\n","protected":false},"author":1,"featured_media":3077,"comment_status":"closed","ping_status":"closed","sticky":false,"template":"","format":"standard","meta":{"footnotes":""},"categories":[52],"tags":[],"amp_enabled":true,"_links":{"self":[{"href":"https:\/\/portafolio.purpurasolutions.com\/transparencia\/wp-json\/wp\/v2\/posts\/1455"}],"collection":[{"href":"https:\/\/portafolio.purpurasolutions.com\/transparencia\/wp-json\/wp\/v2\/posts"}],"about":[{"href":"https:\/\/portafolio.purpurasolutions.com\/transparencia\/wp-json\/wp\/v2\/types\/post"}],"author":[{"embeddable":true,"href":"https:\/\/portafolio.purpurasolutions.com\/transparencia\/wp-json\/wp\/v2\/users\/1"}],"replies":[{"embeddable":true,"href":"https:\/\/portafolio.purpurasolutions.com\/transparencia\/wp-json\/wp\/v2\/comments?post=1455"}],"version-history":[{"count":15,"href":"https:\/\/portafolio.purpurasolutions.com\/transparencia\/wp-json\/wp\/v2\/posts\/1455\/revisions"}],"predecessor-version":[{"id":3092,"href":"https:\/\/portafolio.purpurasolutions.com\/transparencia\/wp-json\/wp\/v2\/posts\/1455\/revisions\/3092"}],"wp:featuredmedia":[{"embeddable":true,"href":"https:\/\/portafolio.purpurasolutions.com\/transparencia\/wp-json\/wp\/v2\/media\/3077"}],"wp:attachment":[{"href":"https:\/\/portafolio.purpurasolutions.com\/transparencia\/wp-json\/wp\/v2\/media?parent=1455"}],"wp:term":[{"taxonomy":"category","embeddable":true,"href":"https:\/\/portafolio.purpurasolutions.com\/transparencia\/wp-json\/wp\/v2\/categories?post=1455"},{"taxonomy":"post_tag","embeddable":true,"href":"https:\/\/portafolio.purpurasolutions.com\/transparencia\/wp-json\/wp\/v2\/tags?post=1455"}],"curies":[{"name":"wp","href":"https:\/\/api.w.org\/{rel}","templated":true}]}}