{"id":4675,"date":"2022-03-22T21:45:48","date_gmt":"2022-03-22T21:45:48","guid":{"rendered":"https:\/\/portafolio.purpurasolutions.com\/transparencia\/?p=4675"},"modified":"2022-03-23T19:34:02","modified_gmt":"2022-03-23T19:34:02","slug":"feria-2022","status":"publish","type":"post","link":"https:\/\/portafolio.purpurasolutions.com\/transparencia\/noticias\/feria-2022\/","title":{"rendered":"PRESENTACI\u00d3N DE LA FERIA DE LA MIEL Y EL MA\u00cdZ"},"content":{"rendered":"\t\t<div data-elementor-type=\"wp-post\" data-elementor-id=\"4675\" class=\"elementor elementor-4675\">\n\t\t\t\t\t\t<section class=\"elementor-section elementor-top-section elementor-element elementor-element-e7a7c32 elementor-section-boxed elementor-section-height-default elementor-section-height-default\" data-id=\"e7a7c32\" data-element_type=\"section\">\n\t\t\t\t\t\t<div class=\"elementor-container elementor-column-gap-default\">\n\t\t\t\t\t<div class=\"elementor-column elementor-col-100 elementor-top-column elementor-element elementor-element-81b2770\" data-id=\"81b2770\" data-element_type=\"column\">\n\t\t\t<div class=\"elementor-widget-wrap elementor-element-populated\">\n\t\t\t\t\t\t<div class=\"elementor-element elementor-element-69187a1 elementor-widget elementor-widget-heading\" data-id=\"69187a1\" data-element_type=\"widget\" data-widget_type=\"heading.default\">\n\t\t\t\t<div class=\"elementor-widget-container\">\n\t\t\t<style>\/*! elementor - v3.22.0 - 26-06-2024 *\/\n.elementor-heading-title{padding:0;margin:0;line-height:1}.elementor-widget-heading .elementor-heading-title[class*=elementor-size-]>a{color:inherit;font-size:inherit;line-height:inherit}.elementor-widget-heading .elementor-heading-title.elementor-size-small{font-size:15px}.elementor-widget-heading .elementor-heading-title.elementor-size-medium{font-size:19px}.elementor-widget-heading .elementor-heading-title.elementor-size-large{font-size:29px}.elementor-widget-heading .elementor-heading-title.elementor-size-xl{font-size:39px}.elementor-widget-heading .elementor-heading-title.elementor-size-xxl{font-size:59px}<\/style><h2 class=\"elementor-heading-title elementor-size-default\">Presentaci\u00f3n de la Feria de la Miel y el Ma\u00edz 2022.<\/h2>\t\t<\/div>\n\t\t\t\t<\/div>\n\t\t\t\t\t<\/div>\n\t\t<\/div>\n\t\t\t\t\t<\/div>\n\t\t<\/section>\n\t\t\t\t<section class=\"elementor-section elementor-top-section elementor-element elementor-element-31a2a5b elementor-section-boxed elementor-section-height-default elementor-section-height-default\" data-id=\"31a2a5b\" data-element_type=\"section\">\n\t\t\t\t\t\t<div class=\"elementor-container elementor-column-gap-default\">\n\t\t\t\t\t<div class=\"elementor-column elementor-col-100 elementor-top-column elementor-element elementor-element-a73879f\" data-id=\"a73879f\" data-element_type=\"column\">\n\t\t\t<div class=\"elementor-widget-wrap elementor-element-populated\">\n\t\t\t\t\t\t<div class=\"elementor-element elementor-element-d810c49 elementor-widget elementor-widget-text-editor\" data-id=\"d810c49\" data-element_type=\"widget\" data-widget_type=\"text-editor.default\">\n\t\t\t\t<div class=\"elementor-widget-container\">\n\t\t\t<style>\/*! elementor - v3.22.0 - 26-06-2024 *\/\n.elementor-widget-text-editor.elementor-drop-cap-view-stacked .elementor-drop-cap{background-color:#69727d;color:#fff}.elementor-widget-text-editor.elementor-drop-cap-view-framed .elementor-drop-cap{color:#69727d;border:3px solid;background-color:transparent}.elementor-widget-text-editor:not(.elementor-drop-cap-view-default) .elementor-drop-cap{margin-top:8px}.elementor-widget-text-editor:not(.elementor-drop-cap-view-default) .elementor-drop-cap-letter{width:1em;height:1em}.elementor-widget-text-editor .elementor-drop-cap{float:left;text-align:center;line-height:1;font-size:50px}.elementor-widget-text-editor .elementor-drop-cap-letter{display:inline-block}<\/style>\t\t\t\t<p>\u00a0<\/p><p><span style=\"color: #ffffff;\">El alcalde de Hopelch\u00e9n Lic.Emilio Lara Calder\u00f3n junto con los presidentes de la asociaci\u00f3n de palqueros y ganaderos, realiz\u00f3 ante los medios de comunicaci\u00f3n la presentaci\u00f3n de la cartelera de la feria de la miel y el ma\u00edz que se realizar\u00e1 del 20 al 24 de abril.<\/span><\/p>\t\t\t\t\t\t<\/div>\n\t\t\t\t<\/div>\n\t\t\t\t\t<\/div>\n\t\t<\/div>\n\t\t\t\t\t<\/div>\n\t\t<\/section>\n\t\t\t\t<section class=\"elementor-section elementor-top-section elementor-element elementor-element-66158d9 elementor-section-boxed elementor-section-height-default elementor-section-height-default\" data-id=\"66158d9\" data-element_type=\"section\">\n\t\t\t\t\t\t<div class=\"elementor-container elementor-column-gap-default\">\n\t\t\t\t\t<div class=\"elementor-column elementor-col-33 elementor-top-column elementor-element elementor-element-68e2a8a\" data-id=\"68e2a8a\" data-element_type=\"column\">\n\t\t\t<div class=\"elementor-widget-wrap elementor-element-populated\">\n\t\t\t\t\t\t<div class=\"elementor-element elementor-element-2d9472d elementor-widget elementor-widget-image\" data-id=\"2d9472d\" data-element_type=\"widget\" data-widget_type=\"image.default\">\n\t\t\t\t<div class=\"elementor-widget-container\">\n\t\t\t<style>\/*! elementor - v3.22.0 - 26-06-2024 *\/\n.elementor-widget-image{text-align:center}.elementor-widget-image a{display:inline-block}.elementor-widget-image a img[src$=\".svg\"]{width:48px}.elementor-widget-image img{vertical-align:middle;display:inline-block}<\/style>\t\t\t\t\t\t\t\t\t\t<img fetchpriority=\"high\" decoding=\"async\" width=\"525\" height=\"811\" src=\"https:\/\/portafolio.purpurasolutions.com\/transparencia\/wp-content\/uploads\/2022\/03\/1CARTELERA-FERIA-2022-663x1024.png\" class=\"attachment-large size-large wp-image-4641\" alt=\"feria 1\" srcset=\"https:\/\/portafolio.purpurasolutions.com\/transparencia\/wp-content\/uploads\/2022\/03\/1CARTELERA-FERIA-2022-663x1024.png 663w, https:\/\/portafolio.purpurasolutions.com\/transparencia\/wp-content\/uploads\/2022\/03\/1CARTELERA-FERIA-2022-194x300.png 194w, https:\/\/portafolio.purpurasolutions.com\/transparencia\/wp-content\/uploads\/2022\/03\/1CARTELERA-FERIA-2022-768x1187.png 768w, https:\/\/portafolio.purpurasolutions.com\/transparencia\/wp-content\/uploads\/2022\/03\/1CARTELERA-FERIA-2022-994x1536.png 994w, https:\/\/portafolio.purpurasolutions.com\/transparencia\/wp-content\/uploads\/2022\/03\/1CARTELERA-FERIA-2022-1325x2048.png 1325w\" sizes=\"(max-width: 525px) 100vw, 525px\" \/>\t\t\t\t\t\t\t\t\t\t\t\t\t<\/div>\n\t\t\t\t<\/div>\n\t\t\t\t\t<\/div>\n\t\t<\/div>\n\t\t\t\t<div class=\"elementor-column elementor-col-33 elementor-top-column elementor-element elementor-element-fd6e45e\" data-id=\"fd6e45e\" data-element_type=\"column\">\n\t\t\t<div class=\"elementor-widget-wrap elementor-element-populated\">\n\t\t\t\t\t\t<div class=\"elementor-element elementor-element-d425c93 elementor-widget elementor-widget-image\" data-id=\"d425c93\" data-element_type=\"widget\" data-widget_type=\"image.default\">\n\t\t\t\t<div class=\"elementor-widget-container\">\n\t\t\t\t\t\t\t\t\t\t\t\t\t<img decoding=\"async\" width=\"525\" height=\"811\" src=\"https:\/\/portafolio.purpurasolutions.com\/transparencia\/wp-content\/uploads\/2022\/03\/2CARTELERA-FERIA-2022-663x1024.png\" class=\"attachment-large size-large wp-image-4665\" alt=\"Feria 2\" srcset=\"https:\/\/portafolio.purpurasolutions.com\/transparencia\/wp-content\/uploads\/2022\/03\/2CARTELERA-FERIA-2022-663x1024.png 663w, https:\/\/portafolio.purpurasolutions.com\/transparencia\/wp-content\/uploads\/2022\/03\/2CARTELERA-FERIA-2022-194x300.png 194w, https:\/\/portafolio.purpurasolutions.com\/transparencia\/wp-content\/uploads\/2022\/03\/2CARTELERA-FERIA-2022-768x1187.png 768w, https:\/\/portafolio.purpurasolutions.com\/transparencia\/wp-content\/uploads\/2022\/03\/2CARTELERA-FERIA-2022-994x1536.png 994w, https:\/\/portafolio.purpurasolutions.com\/transparencia\/wp-content\/uploads\/2022\/03\/2CARTELERA-FERIA-2022-1325x2048.png 1325w\" sizes=\"(max-width: 525px) 100vw, 525px\" \/>\t\t\t\t\t\t\t\t\t\t\t\t\t<\/div>\n\t\t\t\t<\/div>\n\t\t\t\t\t<\/div>\n\t\t<\/div>\n\t\t\t\t<div class=\"elementor-column elementor-col-33 elementor-top-column elementor-element elementor-element-bd3fda5\" data-id=\"bd3fda5\" data-element_type=\"column\">\n\t\t\t<div class=\"elementor-widget-wrap elementor-element-populated\">\n\t\t\t\t\t\t<div class=\"elementor-element elementor-element-6c14e44 elementor-widget elementor-widget-image\" data-id=\"6c14e44\" data-element_type=\"widget\" data-widget_type=\"image.default\">\n\t\t\t\t<div class=\"elementor-widget-container\">\n\t\t\t\t\t\t\t\t\t\t\t\t\t<img decoding=\"async\" width=\"525\" height=\"811\" src=\"https:\/\/portafolio.purpurasolutions.com\/transparencia\/wp-content\/uploads\/2022\/03\/3CARTELERA-FERIA-2022-663x1024.png\" class=\"attachment-large size-large wp-image-4669\" alt=\"Feria 3\" srcset=\"https:\/\/portafolio.purpurasolutions.com\/transparencia\/wp-content\/uploads\/2022\/03\/3CARTELERA-FERIA-2022-663x1024.png 663w, https:\/\/portafolio.purpurasolutions.com\/transparencia\/wp-content\/uploads\/2022\/03\/3CARTELERA-FERIA-2022-194x300.png 194w, https:\/\/portafolio.purpurasolutions.com\/transparencia\/wp-content\/uploads\/2022\/03\/3CARTELERA-FERIA-2022-768x1187.png 768w, https:\/\/portafolio.purpurasolutions.com\/transparencia\/wp-content\/uploads\/2022\/03\/3CARTELERA-FERIA-2022-994x1536.png 994w, https:\/\/portafolio.purpurasolutions.com\/transparencia\/wp-content\/uploads\/2022\/03\/3CARTELERA-FERIA-2022-1325x2048.png 1325w\" sizes=\"(max-width: 525px) 100vw, 525px\" \/>\t\t\t\t\t\t\t\t\t\t\t\t\t<\/div>\n\t\t\t\t<\/div>\n\t\t\t\t\t<\/div>\n\t\t<\/div>\n\t\t\t\t\t<\/div>\n\t\t<\/section>\n\t\t\t\t<\/div>\n\t\t","protected":false},"excerpt":{"rendered":"<p>Presentaci\u00f3n de la Feria de la Miel y el Ma\u00edz 2022. El alcalde de Hopelch\u00e9n Lic.Emilio Lara Calder\u00f3n junto con los presidentes de la asociaci\u00f3n de palqueros y ganaderos, realiz\u00f3 ante los medios de comunicaci\u00f3n la presentaci\u00f3n de la cartelera de la feria de la miel y el ma\u00edz que se realizar\u00e1 del 20 al [&hellip;]<\/p>\n","protected":false},"author":4,"featured_media":4717,"comment_status":"closed","ping_status":"closed","sticky":false,"template":"","format":"standard","meta":{"footnotes":""},"categories":[52],"tags":[],"amp_enabled":true,"_links":{"self":[{"href":"https:\/\/portafolio.purpurasolutions.com\/transparencia\/wp-json\/wp\/v2\/posts\/4675"}],"collection":[{"href":"https:\/\/portafolio.purpurasolutions.com\/transparencia\/wp-json\/wp\/v2\/posts"}],"about":[{"href":"https:\/\/portafolio.purpurasolutions.com\/transparencia\/wp-json\/wp\/v2\/types\/post"}],"author":[{"embeddable":true,"href":"https:\/\/portafolio.purpurasolutions.com\/transparencia\/wp-json\/wp\/v2\/users\/4"}],"replies":[{"embeddable":true,"href":"https:\/\/portafolio.purpurasolutions.com\/transparencia\/wp-json\/wp\/v2\/comments?post=4675"}],"version-history":[{"count":8,"href":"https:\/\/portafolio.purpurasolutions.com\/transparencia\/wp-json\/wp\/v2\/posts\/4675\/revisions"}],"predecessor-version":[{"id":4718,"href":"https:\/\/portafolio.purpurasolutions.com\/transparencia\/wp-json\/wp\/v2\/posts\/4675\/revisions\/4718"}],"wp:featuredmedia":[{"embeddable":true,"href":"https:\/\/portafolio.purpurasolutions.com\/transparencia\/wp-json\/wp\/v2\/media\/4717"}],"wp:attachment":[{"href":"https:\/\/portafolio.purpurasolutions.com\/transparencia\/wp-json\/wp\/v2\/media?parent=4675"}],"wp:term":[{"taxonomy":"category","embeddable":true,"href":"https:\/\/portafolio.purpurasolutions.com\/transparencia\/wp-json\/wp\/v2\/categories?post=4675"},{"taxonomy":"post_tag","embeddable":true,"href":"https:\/\/portafolio.purpurasolutions.com\/transparencia\/wp-json\/wp\/v2\/tags?post=4675"}],"curies":[{"name":"wp","href":"https:\/\/api.w.org\/{rel}","templated":true}]}}