{"id":8879,"date":"2023-12-05T19:34:39","date_gmt":"2023-12-05T19:34:39","guid":{"rendered":"https:\/\/portafolio.purpurasolutions.com\/transparencia\/?p=8879"},"modified":"2023-12-05T19:37:15","modified_gmt":"2023-12-05T19:37:15","slug":"encendido-del-arbol-navideno-copy","status":"publish","type":"post","link":"https:\/\/portafolio.purpurasolutions.com\/transparencia\/noticias\/encendido-del-arbol-navideno-copy\/","title":{"rendered":"Alcalde Chenero recibe reconocimiento del INAFED de la Secretar\u00eda de Gobernaci\u00f3n"},"content":{"rendered":"\t\t<div data-elementor-type=\"wp-post\" data-elementor-id=\"8879\" class=\"elementor elementor-8879\">\n\t\t\t\t\t\t<section class=\"elementor-section elementor-top-section elementor-element elementor-element-e7a7c32 elementor-section-boxed elementor-section-height-default elementor-section-height-default\" data-id=\"e7a7c32\" data-element_type=\"section\" data-settings=\"{&quot;background_background&quot;:&quot;classic&quot;}\">\n\t\t\t\t\t\t<div class=\"elementor-container elementor-column-gap-default\">\n\t\t\t\t\t<div class=\"elementor-column elementor-col-100 elementor-top-column elementor-element elementor-element-81b2770\" data-id=\"81b2770\" data-element_type=\"column\" data-settings=\"{&quot;background_background&quot;:&quot;classic&quot;}\">\n\t\t\t<div class=\"elementor-widget-wrap elementor-element-populated\">\n\t\t\t\t\t\t<div class=\"elementor-element elementor-element-f4cf935 text_subt_lg elementor-widget elementor-widget-heading\" data-id=\"f4cf935\" data-element_type=\"widget\" data-widget_type=\"heading.default\">\n\t\t\t\t<div class=\"elementor-widget-container\">\n\t\t\t<style>\/*! elementor - v3.22.0 - 26-06-2024 *\/\n.elementor-heading-title{padding:0;margin:0;line-height:1}.elementor-widget-heading .elementor-heading-title[class*=elementor-size-]>a{color:inherit;font-size:inherit;line-height:inherit}.elementor-widget-heading .elementor-heading-title.elementor-size-small{font-size:15px}.elementor-widget-heading .elementor-heading-title.elementor-size-medium{font-size:19px}.elementor-widget-heading .elementor-heading-title.elementor-size-large{font-size:29px}.elementor-widget-heading .elementor-heading-title.elementor-size-xl{font-size:39px}.elementor-widget-heading .elementor-heading-title.elementor-size-xxl{font-size:59px}<\/style><h2 class=\"elementor-heading-title elementor-size-xl\">Alcalde Chenero recibe reconocimiento del INAFED de la Secretar\u00eda de Gobernaci\u00f3n<\/h2>\t\t<\/div>\n\t\t\t\t<\/div>\n\t\t\t\t<div class=\"elementor-element elementor-element-3cc7613 elementor-widget elementor-widget-html\" data-id=\"3cc7613\" data-element_type=\"widget\" data-widget_type=\"html.default\">\n\t\t\t\t<div class=\"elementor-widget-container\">\n\t\t\t<div class=\"sec-title centred\">\n<div class=\"title-shape\"><\/div>\n <\/div>\t\t<\/div>\n\t\t\t\t<\/div>\n\t\t\t\t<div class=\"elementor-element elementor-element-34051fc elementor-widget elementor-widget-image\" data-id=\"34051fc\" data-element_type=\"widget\" data-widget_type=\"image.default\">\n\t\t\t\t<div class=\"elementor-widget-container\">\n\t\t\t<style>\/*! elementor - v3.22.0 - 26-06-2024 *\/\n.elementor-widget-image{text-align:center}.elementor-widget-image a{display:inline-block}.elementor-widget-image a img[src$=\".svg\"]{width:48px}.elementor-widget-image img{vertical-align:middle;display:inline-block}<\/style>\t\t\t\t\t\t\t\t\t\t<img fetchpriority=\"high\" decoding=\"async\" width=\"525\" height=\"524\" src=\"https:\/\/portafolio.purpurasolutions.com\/transparencia\/wp-content\/uploads\/2023\/12\/2-1.jpg\" class=\"attachment-large size-large wp-image-8870\" alt=\"\" srcset=\"https:\/\/portafolio.purpurasolutions.com\/transparencia\/wp-content\/uploads\/2023\/12\/2-1.jpg 645w, https:\/\/portafolio.purpurasolutions.com\/transparencia\/wp-content\/uploads\/2023\/12\/2-1-300x300.jpg 300w, https:\/\/portafolio.purpurasolutions.com\/transparencia\/wp-content\/uploads\/2023\/12\/2-1-150x150.jpg 150w, https:\/\/portafolio.purpurasolutions.com\/transparencia\/wp-content\/uploads\/2023\/12\/2-1-120x120.jpg 120w, https:\/\/portafolio.purpurasolutions.com\/transparencia\/wp-content\/uploads\/2023\/12\/2-1-270x270.jpg 270w, https:\/\/portafolio.purpurasolutions.com\/transparencia\/wp-content\/uploads\/2023\/12\/2-1-60x60.jpg 60w, https:\/\/portafolio.purpurasolutions.com\/transparencia\/wp-content\/uploads\/2023\/12\/2-1-70x70.jpg 70w\" sizes=\"(max-width: 525px) 100vw, 525px\" \/>\t\t\t\t\t\t\t\t\t\t\t\t\t<\/div>\n\t\t\t\t<\/div>\n\t\t\t\t<div class=\"elementor-element elementor-element-5050ad6 elementor-widget elementor-widget-text-editor\" data-id=\"5050ad6\" data-element_type=\"widget\" data-widget_type=\"text-editor.default\">\n\t\t\t\t<div class=\"elementor-widget-container\">\n\t\t\t<style>\/*! elementor - v3.22.0 - 26-06-2024 *\/\n.elementor-widget-text-editor.elementor-drop-cap-view-stacked .elementor-drop-cap{background-color:#69727d;color:#fff}.elementor-widget-text-editor.elementor-drop-cap-view-framed .elementor-drop-cap{color:#69727d;border:3px solid;background-color:transparent}.elementor-widget-text-editor:not(.elementor-drop-cap-view-default) .elementor-drop-cap{margin-top:8px}.elementor-widget-text-editor:not(.elementor-drop-cap-view-default) .elementor-drop-cap-letter{width:1em;height:1em}.elementor-widget-text-editor .elementor-drop-cap{float:left;text-align:center;line-height:1;font-size:50px}.elementor-widget-text-editor .elementor-drop-cap-letter{display:inline-block}<\/style>\t\t\t\t<p>Bolet\u00edn. ALCALDE CHENERO RECIBE RECONOCIMIENTO DEL INAFED DE LA SECRETAR\u00cdA DE GOBERNACI\u00d3N.<\/p>\n<p style=\"text-align: left;\"><br><\/p><p style=\"text-align: left;\">El H. Ayuntamiento de Hopelch\u00e9n que encabeza el alcalde Emilio Lara Calder\u00f3n recibi\u00f3 del Instituto Nacional para el Federalismo y Desarrollo Municipal INAFED de la Secretar\u00eda de Gobernaci\u00f3n Federal por segundo a\u00f1o consecutivo un reconocimiento como el municipio mejor evaluado de los 13 que conforman el estado de Campeche y obteniendo as\u00ed la calificaci\u00f3n m\u00e1s alta en la Gu\u00eda Consultiva de Desempe\u00f1o Municipal obteniendo un 88.1 % de calificaci\u00f3n anual.<\/p><p style=\"text-align: left;\"><br><\/p>\n<p style=\"text-align: left;\">El reconocimiento fue recibido por Lara Calder\u00f3n de manos de autoridades de este organismo federal en donde tambi\u00e9n se le reconoci\u00f3 al ente p\u00fablico por aplicar Buenas Pr\u00e1cticas Municipales en el \u00e1mbito de Aporte a la Interculturalidad y Conservaci\u00f3n de la Lengua Maya, gracias al exitoso proyecto DeclaraHop en donde los funcionarios municipales realizan sus declaraciones de manera f\u00e1cil y precisa.<\/p>\n<p style=\"text-align: left;\"><br><\/p><p style=\"text-align: left;\">Lara Calder\u00f3n se\u00f1al\u00f3 que hoy Hopelch\u00e9n brilla como el municipio mejor evaluado en todo Campeche, gracias al esfuerzo de todo el &nbsp;equipo del Ayuntamiento.&nbsp;<\/p><p style=\"text-align: left;\"><br><\/p>\n<p style=\"text-align: left;\">Finaliz\u00f3 diciendo que seguir\u00e1 trabajando juntos por m\u00e1s logros y mejores resultados para los chenes.<\/p>\t\t\t\t\t\t<\/div>\n\t\t\t\t<\/div>\n\t\t\t\t\t<\/div>\n\t\t<\/div>\n\t\t\t\t\t<\/div>\n\t\t<\/section>\n\t\t\t\t<section class=\"elementor-section elementor-top-section elementor-element elementor-element-31a2a5b elementor-section-boxed elementor-section-height-default elementor-section-height-default\" data-id=\"31a2a5b\" data-element_type=\"section\">\n\t\t\t\t\t\t<div class=\"elementor-container elementor-column-gap-default\">\n\t\t\t\t\t<div class=\"elementor-column elementor-col-100 elementor-top-column elementor-element elementor-element-a73879f\" data-id=\"a73879f\" data-element_type=\"column\">\n\t\t\t<div class=\"elementor-widget-wrap elementor-element-populated\">\n\t\t\t\t\t\t\t<\/div>\n\t\t<\/div>\n\t\t\t\t\t<\/div>\n\t\t<\/section>\n\t\t\t\t<\/div>\n\t\t","protected":false},"excerpt":{"rendered":"<p>Alcalde Chenero recibe reconocimiento del INAFED de la Secretar\u00eda de Gobernaci\u00f3n<\/p>\n","protected":false},"author":4,"featured_media":8870,"comment_status":"closed","ping_status":"closed","sticky":false,"template":"elementor_canvas","format":"standard","meta":{"footnotes":""},"categories":[52],"tags":[],"amp_enabled":false,"_links":{"self":[{"href":"https:\/\/portafolio.purpurasolutions.com\/transparencia\/wp-json\/wp\/v2\/posts\/8879"}],"collection":[{"href":"https:\/\/portafolio.purpurasolutions.com\/transparencia\/wp-json\/wp\/v2\/posts"}],"about":[{"href":"https:\/\/portafolio.purpurasolutions.com\/transparencia\/wp-json\/wp\/v2\/types\/post"}],"author":[{"embeddable":true,"href":"https:\/\/portafolio.purpurasolutions.com\/transparencia\/wp-json\/wp\/v2\/users\/4"}],"replies":[{"embeddable":true,"href":"https:\/\/portafolio.purpurasolutions.com\/transparencia\/wp-json\/wp\/v2\/comments?post=8879"}],"version-history":[{"count":6,"href":"https:\/\/portafolio.purpurasolutions.com\/transparencia\/wp-json\/wp\/v2\/posts\/8879\/revisions"}],"predecessor-version":[{"id":8890,"href":"https:\/\/portafolio.purpurasolutions.com\/transparencia\/wp-json\/wp\/v2\/posts\/8879\/revisions\/8890"}],"wp:featuredmedia":[{"embeddable":true,"href":"https:\/\/portafolio.purpurasolutions.com\/transparencia\/wp-json\/wp\/v2\/media\/8870"}],"wp:attachment":[{"href":"https:\/\/portafolio.purpurasolutions.com\/transparencia\/wp-json\/wp\/v2\/media?parent=8879"}],"wp:term":[{"taxonomy":"category","embeddable":true,"href":"https:\/\/portafolio.purpurasolutions.com\/transparencia\/wp-json\/wp\/v2\/categories?post=8879"},{"taxonomy":"post_tag","embeddable":true,"href":"https:\/\/portafolio.purpurasolutions.com\/transparencia\/wp-json\/wp\/v2\/tags?post=8879"}],"curies":[{"name":"wp","href":"https:\/\/api.w.org\/{rel}","templated":true}]}}